{"id":9473,"date":"2021-07-26T00:28:57","date_gmt":"2021-07-25T22:28:57","guid":{"rendered":"https:\/\/mathis-nitschke.com\/?post_type=news&#038;p=9473"},"modified":"2021-08-01T11:58:12","modified_gmt":"2021-08-01T09:58:12","slug":"the-island-of-the-gods","status":"publish","type":"news","link":"https:\/\/mathis-nitschke.com\/en\/news\/the-island-of-the-gods\/","title":{"rendered":"The island of the gods"},"content":{"rendered":"<p>greetings from Neubrandenburg. Together with 9 young musicians from Romania, Lithuania, Egypt, Austria, Luxembourg and Germany, all of them on the threshold between winning competitions and professional careers, I am working on a concert very close to the audience, which we will present on the<\/p>\n<p><strong>Saturday 31.7.2021, 11:30<\/strong><\/p>\n<p>at the <a href=\"https:\/\/mathis-nitschke.us3.list-manage.com\/track\/click?u=3df507236783213ed937c1c29&amp;id=03f6b1fd1c&amp;e=deea592375\"><strong>Detect Classic Festival<\/strong><\/a> in Neubrandenburg<\/p>\n<p>on the grounds of the airport Trollenhagen. The idea of the music festival is as sympathetic as it is grandiose:<\/p>\n<p>&#8220;On a weekend in summer, we land in the middle of the sound of a symphony orchestra, enjoy live music and take off at night in the light and fog of electronic music. We explore classical and ambient, electronic and contemporary, avant-garde, beats, rhythm, room acoustics and blur boundaries between club and concert hall.&#8221;<\/p>\n<h3>EMCY<\/h3>\n<p>The initiative for our concert project, with which we will be guests at the festival, comes from the European Union of Music Competitions for Youth <a href=\"https:\/\/emcy.org\/\" target=\"_blank\" rel=\"noopener\">EMCY<\/a>. For more than 50 years, EMCY has not only been organizing competitions throughout Europe, but has also been linking their young graduates with each other and providing them with new perspectives on making and performing music in special projects.<\/p>\n<p>For me, this project marks my debut as a concert designer, taking a collaborative approach from the start. In several online calls since April, we have used various techniques from design thinking to jointly develop not only a concert program but also a staging method in which each individual can find their own contribution &#8211; and thus themselves.<\/p>\n<h3>Airport Trollenhagen<\/h3>\n<p>We will use the lounge on the festival grounds, an open tepee equipped with hammocks and couches, to facilitate an atmosphere of relaxed discovery and listening. There is no central stage, but the musicians in variable lineups will appear in ever-changing places inside and outside the audience.<\/p>\n<p>The title for the concert is our main work &#8220;Pulau Dewata&#8221; by Claude Vivier, in English &#8220;The Island of the Gods&#8221;. Inspired by Balinese gamelan music, the piece is composed without predetermined orchestration. I resist my impulse to create an arrangement and trust the collective here as well: in the next few days we will develop the orchestration together.<\/p>\n<h3>Real-World Music<\/h3>\n<p>In addition to Vivier, we play &#8220;Reflected&#8221; by Manuela Kerer, a piece that reacts directly to the audience in terms of sound and thus actively involves the listeners in the musical events. Every morning before the rehearsal, I use the opportunity to do &#8220;Ear Cleaning&#8221; with the group, with listening exercises by R. Murray Schafer.<\/p>\n<p>The concert ranges from violin duets by Luciano Berio to Bulgarian Racheniza to musical; always surprising, touching, inspiring.<\/p>\n<h3>Touching the soul has future!<\/h3>\n<p>One of my most striking memories from my younger years is this sentence from a conversation with a Russian physicist in the evening over one too many beers. As silly as this sentence actually is, it comes to my mind again and again. Especially on days like today, when I hear enthusiastic young musicians playing live(!) and I get goose bumps.<\/p>\n<p>It&#8217;s been a long time since I&#8217;ve experienced that.<\/p>\n<p>We are all already looking with concern to the coming autumn and thus to a further future in which no souls will be touched. I would therefore like to join the call of the Munich Chamber Orchestra:<\/p>\n<p>&#8220;We can all contribute together to ensure that concert operations can take place without restrictions as far as possible. Appeals to politicians alone will not be enough. If as many of us as possible get vaccinated, we increase the likelihood that the pandemic will be manageable &#8211; and at the same time the chance of the fulfilling and enriching concerts we all want.&#8221;<\/p>\n<p>And my next newsletter will be shorter again, I promise.<\/p>\n<p>Best regards,<br \/>\nMathis Nitschke<\/p>\n<p class=\"last-child\"><em>P.S.: See and hear Maxim Tzekov and Arthur Possig here at the first audition for the Racheniza: <a href=\"https:\/\/mathis-nitschke.us3.list-manage.com\/track\/click?u=3df507236783213ed937c1c29&amp;id=a8d59e8ec7&amp;e=deea592375\">https:\/\/vimeo.com\/579183629\/c927b831cf<\/a><\/em><\/p>\n<p><a href=\"https:\/\/vimeo.com\/579183629\/c927b831cf\"><img loading=\"lazy\" decoding=\"async\" class=\"alignnone wp-image-9470 size-full\" src=\"https:\/\/mathis-nitschke.com\/wp18\/wp-content\/uploads\/2021\/07\/Racheniza.jpg\" alt=\"\" width=\"533\" height=\"942\" srcset=\"https:\/\/mathis-nitschke.com\/wp18\/wp-content\/uploads\/2021\/07\/Racheniza.jpg 533w, https:\/\/mathis-nitschke.com\/wp18\/wp-content\/uploads\/2021\/07\/Racheniza-170x300.jpg 170w\" sizes=\"auto, (max-width: 533px) 100vw, 533px\" \/><\/a><\/p>\n","protected":false},"excerpt":{"rendered":"<p>Zusammen mit 9 jungen Musiker:innen aus Rum\u00e4nien, Litauen, \u00c4gypten, \u00d6sterreich, Luxemburg und Deutschland, allesamt an der Schwelle zwischen gewonnenen Wettbewerben und professioneller Laufbahn, erarbeite ich ein f\u00fcr das Publikum sehr nahbares Konzert, das wir am Samstag 31.7.2021 um 11:30 auf dem Detect Classic Festival in Neubrandenburg auf dem Gel\u00e4nde des Flughafens Trollenhagen spielen werden.<\/p>\n","protected":false},"author":1,"featured_media":9469,"comment_status":"open","ping_status":"closed","template":"","tags":[],"news-category":[],"class_list":["post-9473","news","type-news","status-publish","has-post-thumbnail","hentry","clearfix",""],"yoast_head":"<!-- This site is optimized with the Yoast SEO plugin v27.5 - https:\/\/yoast.com\/product\/yoast-seo-wordpress\/ -->\n<title>The island of the gods - Mathis Nitschke<\/title>\n<meta name=\"robots\" content=\"index, follow, max-snippet:-1, max-image-preview:large, max-video-preview:-1\" \/>\n<link rel=\"canonical\" href=\"https:\/\/mathis-nitschke.com\/en\/news\/the-island-of-the-gods\/\" \/>\n<meta property=\"og:locale\" content=\"en_US\" \/>\n<meta property=\"og:type\" content=\"article\" \/>\n<meta property=\"og:title\" content=\"The island of the gods - Mathis Nitschke\" \/>\n<meta property=\"og:description\" content=\"Zusammen mit 9 jungen Musiker:innen aus Rum\u00e4nien, Litauen, \u00c4gypten, \u00d6sterreich, Luxemburg und Deutschland, allesamt an der Schwelle zwischen gewonnenen Wettbewerben und professioneller Laufbahn, erarbeite ich ein f\u00fcr das Publikum sehr nahbares Konzert, das wir am Samstag 31.7.2021 um 11:30 auf dem Detect Classic Festival in Neubrandenburg auf dem Gel\u00e4nde des Flughafens Trollenhagen spielen werden.\" \/>\n<meta property=\"og:url\" content=\"https:\/\/mathis-nitschke.com\/en\/news\/the-island-of-the-gods\/\" \/>\n<meta property=\"og:site_name\" content=\"Mathis Nitschke\" \/>\n<meta property=\"article:publisher\" content=\"https:\/\/www.facebook.com\/mathisnitschkemusic\/\" \/>\n<meta property=\"article:modified_time\" content=\"2021-08-01T09:58:12+00:00\" \/>\n<meta property=\"og:image\" content=\"https:\/\/mathis-nitschke.com\/wp18\/wp-content\/uploads\/2021\/07\/Trollenhagen-1.jpg\" \/>\n\t<meta property=\"og:image:width\" content=\"640\" \/>\n\t<meta property=\"og:image:height\" content=\"480\" \/>\n\t<meta property=\"og:image:type\" content=\"image\/jpeg\" \/>\n<meta name=\"twitter:card\" content=\"summary_large_image\" \/>\n<meta name=\"twitter:site\" content=\"@MathisNitschke\" \/>\n<meta name=\"twitter:label1\" content=\"Est. reading time\" \/>\n\t<meta name=\"twitter:data1\" content=\"4 minutes\" \/>\n<script type=\"application\/ld+json\" class=\"yoast-schema-graph\">{\"@context\":\"https:\\\/\\\/schema.org\",\"@graph\":[{\"@type\":\"WebPage\",\"@id\":\"https:\\\/\\\/mathis-nitschke.com\\\/en\\\/news\\\/the-island-of-the-gods\\\/\",\"url\":\"https:\\\/\\\/mathis-nitschke.com\\\/en\\\/news\\\/the-island-of-the-gods\\\/\",\"name\":\"The island of the gods - Mathis Nitschke\",\"isPartOf\":{\"@id\":\"https:\\\/\\\/mathis-nitschke.com\\\/en\\\/#website\"},\"primaryImageOfPage\":{\"@id\":\"https:\\\/\\\/mathis-nitschke.com\\\/en\\\/news\\\/the-island-of-the-gods\\\/#primaryimage\"},\"image\":{\"@id\":\"https:\\\/\\\/mathis-nitschke.com\\\/en\\\/news\\\/the-island-of-the-gods\\\/#primaryimage\"},\"thumbnailUrl\":\"https:\\\/\\\/mathis-nitschke.com\\\/wp18\\\/wp-content\\\/uploads\\\/2021\\\/07\\\/Trollenhagen-1.jpg\",\"datePublished\":\"2021-07-25T22:28:57+00:00\",\"dateModified\":\"2021-08-01T09:58:12+00:00\",\"breadcrumb\":{\"@id\":\"https:\\\/\\\/mathis-nitschke.com\\\/en\\\/news\\\/the-island-of-the-gods\\\/#breadcrumb\"},\"inLanguage\":\"en-US\",\"potentialAction\":[{\"@type\":\"ReadAction\",\"target\":[\"https:\\\/\\\/mathis-nitschke.com\\\/en\\\/news\\\/the-island-of-the-gods\\\/\"]}]},{\"@type\":\"ImageObject\",\"inLanguage\":\"en-US\",\"@id\":\"https:\\\/\\\/mathis-nitschke.com\\\/en\\\/news\\\/the-island-of-the-gods\\\/#primaryimage\",\"url\":\"https:\\\/\\\/mathis-nitschke.com\\\/wp18\\\/wp-content\\\/uploads\\\/2021\\\/07\\\/Trollenhagen-1.jpg\",\"contentUrl\":\"https:\\\/\\\/mathis-nitschke.com\\\/wp18\\\/wp-content\\\/uploads\\\/2021\\\/07\\\/Trollenhagen-1.jpg\",\"width\":640,\"height\":480},{\"@type\":\"BreadcrumbList\",\"@id\":\"https:\\\/\\\/mathis-nitschke.com\\\/en\\\/news\\\/the-island-of-the-gods\\\/#breadcrumb\",\"itemListElement\":[{\"@type\":\"ListItem\",\"position\":1,\"name\":\"Startseite\",\"item\":\"https:\\\/\\\/mathis-nitschke.com\\\/en\\\/\"},{\"@type\":\"ListItem\",\"position\":2,\"name\":\"News\",\"item\":\"https:\\\/\\\/mathis-nitschke.com\\\/en\\\/news\\\/\"},{\"@type\":\"ListItem\",\"position\":3,\"name\":\"The island of the gods\"}]},{\"@type\":\"WebSite\",\"@id\":\"https:\\\/\\\/mathis-nitschke.com\\\/en\\\/#website\",\"url\":\"https:\\\/\\\/mathis-nitschke.com\\\/en\\\/\",\"name\":\"Mathis Nitschke\",\"description\":\"sound designer, composer, director\",\"publisher\":{\"@id\":\"https:\\\/\\\/mathis-nitschke.com\\\/en\\\/#\\\/schema\\\/person\\\/3980ea1103f0353bd467e6e46d0a3706\"},\"potentialAction\":[{\"@type\":\"SearchAction\",\"target\":{\"@type\":\"EntryPoint\",\"urlTemplate\":\"https:\\\/\\\/mathis-nitschke.com\\\/en\\\/?s={search_term_string}\"},\"query-input\":{\"@type\":\"PropertyValueSpecification\",\"valueRequired\":true,\"valueName\":\"search_term_string\"}}],\"inLanguage\":\"en-US\"},{\"@type\":[\"Person\",\"Organization\"],\"@id\":\"https:\\\/\\\/mathis-nitschke.com\\\/en\\\/#\\\/schema\\\/person\\\/3980ea1103f0353bd467e6e46d0a3706\",\"name\":\"Mathis Nitschke\",\"image\":{\"@type\":\"ImageObject\",\"inLanguage\":\"en-US\",\"@id\":\"https:\\\/\\\/mathis-nitschke.com\\\/wp18\\\/wp-content\\\/uploads\\\/2020\\\/01\\\/MathisNitschke_FotoAstridAckermann_2048.jpg\",\"url\":\"https:\\\/\\\/mathis-nitschke.com\\\/wp18\\\/wp-content\\\/uploads\\\/2020\\\/01\\\/MathisNitschke_FotoAstridAckermann_2048.jpg\",\"contentUrl\":\"https:\\\/\\\/mathis-nitschke.com\\\/wp18\\\/wp-content\\\/uploads\\\/2020\\\/01\\\/MathisNitschke_FotoAstridAckermann_2048.jpg\",\"width\":2048,\"height\":1152,\"caption\":\"Mathis Nitschke\"},\"logo\":{\"@id\":\"https:\\\/\\\/mathis-nitschke.com\\\/wp18\\\/wp-content\\\/uploads\\\/2020\\\/01\\\/MathisNitschke_FotoAstridAckermann_2048.jpg\"},\"description\":\"Mathis Nitschke ist Konzeptk\u00fcnstler, Musikkomponist, Audioproduzent, B\u00fchnenregisseur und Erlebnisgestalter, spezialisiert auf Sound in Verbindung mit Theater, Medien und neuen Technologien.\",\"sameAs\":[\"https:\\\/\\\/mathis-nitschke.com\",\"https:\\\/\\\/www.facebook.com\\\/mathisnitschkemusic\\\/\",\"https:\\\/\\\/www.instagram.com\\\/mathisnitschke\\\/\",\"https:\\\/\\\/www.linkedin.com\\\/in\\\/mathis-nitschke-390b48b\\\/\",\"https:\\\/\\\/x.com\\\/MathisNitschke\",\"https:\\\/\\\/www.youtube.com\\\/user\\\/MathisBNitschke\",\"https:\\\/\\\/de.wikipedia.org\\\/wiki\\\/Mathis_Nitschke\"]}]}<\/script>\n<!-- \/ Yoast SEO plugin. -->","yoast_head_json":{"title":"The island of the gods - Mathis Nitschke","robots":{"index":"index","follow":"follow","max-snippet":"max-snippet:-1","max-image-preview":"max-image-preview:large","max-video-preview":"max-video-preview:-1"},"canonical":"https:\/\/mathis-nitschke.com\/en\/news\/the-island-of-the-gods\/","og_locale":"en_US","og_type":"article","og_title":"The island of the gods - Mathis Nitschke","og_description":"Zusammen mit 9 jungen Musiker:innen aus Rum\u00e4nien, Litauen, \u00c4gypten, \u00d6sterreich, Luxemburg und Deutschland, allesamt an der Schwelle zwischen gewonnenen Wettbewerben und professioneller Laufbahn, erarbeite ich ein f\u00fcr das Publikum sehr nahbares Konzert, das wir am Samstag 31.7.2021 um 11:30 auf dem Detect Classic Festival in Neubrandenburg auf dem Gel\u00e4nde des Flughafens Trollenhagen spielen werden.","og_url":"https:\/\/mathis-nitschke.com\/en\/news\/the-island-of-the-gods\/","og_site_name":"Mathis Nitschke","article_publisher":"https:\/\/www.facebook.com\/mathisnitschkemusic\/","article_modified_time":"2021-08-01T09:58:12+00:00","og_image":[{"width":640,"height":480,"url":"https:\/\/mathis-nitschke.com\/wp18\/wp-content\/uploads\/2021\/07\/Trollenhagen-1.jpg","type":"image\/jpeg"}],"twitter_card":"summary_large_image","twitter_site":"@MathisNitschke","twitter_misc":{"Est. reading time":"4 minutes"},"schema":{"@context":"https:\/\/schema.org","@graph":[{"@type":"WebPage","@id":"https:\/\/mathis-nitschke.com\/en\/news\/the-island-of-the-gods\/","url":"https:\/\/mathis-nitschke.com\/en\/news\/the-island-of-the-gods\/","name":"The island of the gods - Mathis Nitschke","isPartOf":{"@id":"https:\/\/mathis-nitschke.com\/en\/#website"},"primaryImageOfPage":{"@id":"https:\/\/mathis-nitschke.com\/en\/news\/the-island-of-the-gods\/#primaryimage"},"image":{"@id":"https:\/\/mathis-nitschke.com\/en\/news\/the-island-of-the-gods\/#primaryimage"},"thumbnailUrl":"https:\/\/mathis-nitschke.com\/wp18\/wp-content\/uploads\/2021\/07\/Trollenhagen-1.jpg","datePublished":"2021-07-25T22:28:57+00:00","dateModified":"2021-08-01T09:58:12+00:00","breadcrumb":{"@id":"https:\/\/mathis-nitschke.com\/en\/news\/the-island-of-the-gods\/#breadcrumb"},"inLanguage":"en-US","potentialAction":[{"@type":"ReadAction","target":["https:\/\/mathis-nitschke.com\/en\/news\/the-island-of-the-gods\/"]}]},{"@type":"ImageObject","inLanguage":"en-US","@id":"https:\/\/mathis-nitschke.com\/en\/news\/the-island-of-the-gods\/#primaryimage","url":"https:\/\/mathis-nitschke.com\/wp18\/wp-content\/uploads\/2021\/07\/Trollenhagen-1.jpg","contentUrl":"https:\/\/mathis-nitschke.com\/wp18\/wp-content\/uploads\/2021\/07\/Trollenhagen-1.jpg","width":640,"height":480},{"@type":"BreadcrumbList","@id":"https:\/\/mathis-nitschke.com\/en\/news\/the-island-of-the-gods\/#breadcrumb","itemListElement":[{"@type":"ListItem","position":1,"name":"Startseite","item":"https:\/\/mathis-nitschke.com\/en\/"},{"@type":"ListItem","position":2,"name":"News","item":"https:\/\/mathis-nitschke.com\/en\/news\/"},{"@type":"ListItem","position":3,"name":"The island of the gods"}]},{"@type":"WebSite","@id":"https:\/\/mathis-nitschke.com\/en\/#website","url":"https:\/\/mathis-nitschke.com\/en\/","name":"Mathis Nitschke","description":"sound designer, composer, director","publisher":{"@id":"https:\/\/mathis-nitschke.com\/en\/#\/schema\/person\/3980ea1103f0353bd467e6e46d0a3706"},"potentialAction":[{"@type":"SearchAction","target":{"@type":"EntryPoint","urlTemplate":"https:\/\/mathis-nitschke.com\/en\/?s={search_term_string}"},"query-input":{"@type":"PropertyValueSpecification","valueRequired":true,"valueName":"search_term_string"}}],"inLanguage":"en-US"},{"@type":["Person","Organization"],"@id":"https:\/\/mathis-nitschke.com\/en\/#\/schema\/person\/3980ea1103f0353bd467e6e46d0a3706","name":"Mathis Nitschke","image":{"@type":"ImageObject","inLanguage":"en-US","@id":"https:\/\/mathis-nitschke.com\/wp18\/wp-content\/uploads\/2020\/01\/MathisNitschke_FotoAstridAckermann_2048.jpg","url":"https:\/\/mathis-nitschke.com\/wp18\/wp-content\/uploads\/2020\/01\/MathisNitschke_FotoAstridAckermann_2048.jpg","contentUrl":"https:\/\/mathis-nitschke.com\/wp18\/wp-content\/uploads\/2020\/01\/MathisNitschke_FotoAstridAckermann_2048.jpg","width":2048,"height":1152,"caption":"Mathis Nitschke"},"logo":{"@id":"https:\/\/mathis-nitschke.com\/wp18\/wp-content\/uploads\/2020\/01\/MathisNitschke_FotoAstridAckermann_2048.jpg"},"description":"Mathis Nitschke ist Konzeptk\u00fcnstler, Musikkomponist, Audioproduzent, B\u00fchnenregisseur und Erlebnisgestalter, spezialisiert auf Sound in Verbindung mit Theater, Medien und neuen Technologien.","sameAs":["https:\/\/mathis-nitschke.com","https:\/\/www.facebook.com\/mathisnitschkemusic\/","https:\/\/www.instagram.com\/mathisnitschke\/","https:\/\/www.linkedin.com\/in\/mathis-nitschke-390b48b\/","https:\/\/x.com\/MathisNitschke","https:\/\/www.youtube.com\/user\/MathisBNitschke","https:\/\/de.wikipedia.org\/wiki\/Mathis_Nitschke"]}]}},"_links":{"self":[{"href":"https:\/\/mathis-nitschke.com\/en\/wp-json\/wp\/v2\/news\/9473","targetHints":{"allow":["GET"]}}],"collection":[{"href":"https:\/\/mathis-nitschke.com\/en\/wp-json\/wp\/v2\/news"}],"about":[{"href":"https:\/\/mathis-nitschke.com\/en\/wp-json\/wp\/v2\/types\/news"}],"author":[{"embeddable":true,"href":"https:\/\/mathis-nitschke.com\/en\/wp-json\/wp\/v2\/users\/1"}],"replies":[{"embeddable":true,"href":"https:\/\/mathis-nitschke.com\/en\/wp-json\/wp\/v2\/comments?post=9473"}],"version-history":[{"count":0,"href":"https:\/\/mathis-nitschke.com\/en\/wp-json\/wp\/v2\/news\/9473\/revisions"}],"wp:featuredmedia":[{"embeddable":true,"href":"https:\/\/mathis-nitschke.com\/en\/wp-json\/wp\/v2\/media\/9469"}],"wp:attachment":[{"href":"https:\/\/mathis-nitschke.com\/en\/wp-json\/wp\/v2\/media?parent=9473"}],"wp:term":[{"taxonomy":"post_tag","embeddable":true,"href":"https:\/\/mathis-nitschke.com\/en\/wp-json\/wp\/v2\/tags?post=9473"},{"taxonomy":"news-category","embeddable":true,"href":"https:\/\/mathis-nitschke.com\/en\/wp-json\/wp\/v2\/news-category?post=9473"}],"curies":[{"name":"wp","href":"https:\/\/api.w.org\/{rel}","templated":true}]}}