{"id":7059,"date":"2019-01-12T22:47:30","date_gmt":"2019-01-12T21:47:30","guid":{"rendered":"https:\/\/mathis-nitschke.com\/?p=7059"},"modified":"2019-06-03T00:14:54","modified_gmt":"2019-06-02T22:14:54","slug":"return-to-reims","status":"publish","type":"post","link":"https:\/\/mathis-nitschke.com\/en\/return-to-reims\/","title":{"rendered":"Return to Reims"},"content":{"rendered":"<p><span class=\"menue_rechts_unten_text_gruen\">R\u00dcCKKEHR NACH REIMS (<\/span>Return to Reims) from DIDIER ERIBON<br \/>\nin a theatre version by THOMAS JONIGK<\/p>\n<p>Premiere: 18.01.2019, Schauspiel K\u00f6ln, Depot 2<br \/>\nDirector: Thomas Jonigk<br \/>\nStage: Lisa D\u00e4\u00dfler<br \/>\nCostumes: Esther Geremus<\/p>\n<p>Music\/Sound: Mathis Nitschke<br \/>\n<span class=\"menue_rechts_unten_text_gruen\">Synth programming: J\u00f6rg H\u00fcttner<\/span><br \/>\nChoreography: Teresa Rotemberg<\/p>\n<p>With: J\u00f6rg Ratjen \/ Sabine Orl\u00e9ans \/ Nicki von Tempelhoff \/ Justus Maier \/ Nicolas Lehni \/ Laura Friedmann \/ Antonia Bockelmann \/ Campbell Caspary<\/p>\n<p>Playing dates: https:\/\/www.schauspiel.koeln\/spielplan\/monatsuebersicht\/rueckkehr-nach-reims\/<\/p>\n<div class=\"gallery-slider\"><div data-thumb=\"https:\/\/mathis-nitschke.com\/wp18\/wp-content\/uploads\/2019\/01\/17188_presse_r_n_reims2_5634m-180x180.jpg\" class=\"gallery-item\"><img loading=\"lazy\" decoding=\"async\" width=\"1140\" height=\"761\" src=\"https:\/\/mathis-nitschke.com\/wp18\/wp-content\/uploads\/2019\/01\/17188_presse_r_n_reims2_5634m-1140x761.jpg\" class=\"attachment-daze_wrapper_width size-daze_wrapper_width\" alt=\"\" srcset=\"https:\/\/mathis-nitschke.com\/wp18\/wp-content\/uploads\/2019\/01\/17188_presse_r_n_reims2_5634m-1140x761.jpg 1140w, https:\/\/mathis-nitschke.com\/wp18\/wp-content\/uploads\/2019\/01\/17188_presse_r_n_reims2_5634m-360x240.jpg 360w, https:\/\/mathis-nitschke.com\/wp18\/wp-content\/uploads\/2019\/01\/17188_presse_r_n_reims2_5634m-680x454.jpg 680w, https:\/\/mathis-nitschke.com\/wp18\/wp-content\/uploads\/2019\/01\/17188_presse_r_n_reims2_5634m-1024x683.jpg 1024w\" sizes=\"auto, (max-width: 1140px) 100vw, 1140px\" title=\"R\u00fcckkehr nach Reims\" \/><span class=\"caption\"><\/span><\/div><div data-thumb=\"https:\/\/mathis-nitschke.com\/wp18\/wp-content\/uploads\/2019\/01\/17184_rueckkehr_nach_reims_5442m-180x180.jpg\" class=\"gallery-item\"><img loading=\"lazy\" decoding=\"async\" width=\"1140\" height=\"761\" src=\"https:\/\/mathis-nitschke.com\/wp18\/wp-content\/uploads\/2019\/01\/17184_rueckkehr_nach_reims_5442m-1140x761.jpg\" class=\"attachment-daze_wrapper_width size-daze_wrapper_width\" alt=\"\" srcset=\"https:\/\/mathis-nitschke.com\/wp18\/wp-content\/uploads\/2019\/01\/17184_rueckkehr_nach_reims_5442m-1140x761.jpg 1140w, https:\/\/mathis-nitschke.com\/wp18\/wp-content\/uploads\/2019\/01\/17184_rueckkehr_nach_reims_5442m-360x240.jpg 360w, https:\/\/mathis-nitschke.com\/wp18\/wp-content\/uploads\/2019\/01\/17184_rueckkehr_nach_reims_5442m-680x454.jpg 680w, https:\/\/mathis-nitschke.com\/wp18\/wp-content\/uploads\/2019\/01\/17184_rueckkehr_nach_reims_5442m-1024x684.jpg 1024w\" sizes=\"auto, (max-width: 1140px) 100vw, 1140px\" title=\"R\u00fcckkehr nach Reims\" \/><span class=\"caption\"><\/span><\/div><div data-thumb=\"https:\/\/mathis-nitschke.com\/wp18\/wp-content\/uploads\/2019\/01\/17180_rueckkehr_nach_reims_6605m-180x180.jpg\" class=\"gallery-item\"><img loading=\"lazy\" decoding=\"async\" width=\"1140\" height=\"759\" src=\"https:\/\/mathis-nitschke.com\/wp18\/wp-content\/uploads\/2019\/01\/17180_rueckkehr_nach_reims_6605m-1140x759.jpg\" class=\"attachment-daze_wrapper_width size-daze_wrapper_width\" alt=\"\" srcset=\"https:\/\/mathis-nitschke.com\/wp18\/wp-content\/uploads\/2019\/01\/17180_rueckkehr_nach_reims_6605m-1140x759.jpg 1140w, https:\/\/mathis-nitschke.com\/wp18\/wp-content\/uploads\/2019\/01\/17180_rueckkehr_nach_reims_6605m-360x240.jpg 360w, https:\/\/mathis-nitschke.com\/wp18\/wp-content\/uploads\/2019\/01\/17180_rueckkehr_nach_reims_6605m-680x453.jpg 680w, https:\/\/mathis-nitschke.com\/wp18\/wp-content\/uploads\/2019\/01\/17180_rueckkehr_nach_reims_6605m-1024x682.jpg 1024w\" sizes=\"auto, (max-width: 1140px) 100vw, 1140px\" title=\"R\u00fcckkehr nach Reims\" \/><span class=\"caption\"><\/span><\/div><div data-thumb=\"https:\/\/mathis-nitschke.com\/wp18\/wp-content\/uploads\/2019\/01\/17178_rueckkehr_nach_reims_4688m-180x180.jpg\" class=\"gallery-item\"><img loading=\"lazy\" decoding=\"async\" width=\"1140\" height=\"760\" src=\"https:\/\/mathis-nitschke.com\/wp18\/wp-content\/uploads\/2019\/01\/17178_rueckkehr_nach_reims_4688m-1140x760.jpg\" class=\"attachment-daze_wrapper_width size-daze_wrapper_width\" alt=\"\" srcset=\"https:\/\/mathis-nitschke.com\/wp18\/wp-content\/uploads\/2019\/01\/17178_rueckkehr_nach_reims_4688m-1140x760.jpg 1140w, https:\/\/mathis-nitschke.com\/wp18\/wp-content\/uploads\/2019\/01\/17178_rueckkehr_nach_reims_4688m-360x240.jpg 360w, https:\/\/mathis-nitschke.com\/wp18\/wp-content\/uploads\/2019\/01\/17178_rueckkehr_nach_reims_4688m-680x454.jpg 680w, https:\/\/mathis-nitschke.com\/wp18\/wp-content\/uploads\/2019\/01\/17178_rueckkehr_nach_reims_4688m-1024x683.jpg 1024w\" sizes=\"auto, (max-width: 1140px) 100vw, 1140px\" title=\"R\u00fcckkehr nach Reims\" \/><span class=\"caption\"><\/span><\/div><div data-thumb=\"https:\/\/mathis-nitschke.com\/wp18\/wp-content\/uploads\/2019\/01\/17176_rueckkehr_nach_reims_4578m-180x180.jpg\" class=\"gallery-item\"><img loading=\"lazy\" decoding=\"async\" width=\"1140\" height=\"760\" src=\"https:\/\/mathis-nitschke.com\/wp18\/wp-content\/uploads\/2019\/01\/17176_rueckkehr_nach_reims_4578m-1140x760.jpg\" class=\"attachment-daze_wrapper_width size-daze_wrapper_width\" alt=\"\" srcset=\"https:\/\/mathis-nitschke.com\/wp18\/wp-content\/uploads\/2019\/01\/17176_rueckkehr_nach_reims_4578m-1140x760.jpg 1140w, https:\/\/mathis-nitschke.com\/wp18\/wp-content\/uploads\/2019\/01\/17176_rueckkehr_nach_reims_4578m-360x240.jpg 360w, https:\/\/mathis-nitschke.com\/wp18\/wp-content\/uploads\/2019\/01\/17176_rueckkehr_nach_reims_4578m-680x454.jpg 680w, https:\/\/mathis-nitschke.com\/wp18\/wp-content\/uploads\/2019\/01\/17176_rueckkehr_nach_reims_4578m-1024x683.jpg 1024w\" sizes=\"auto, (max-width: 1140px) 100vw, 1140px\" title=\"R\u00fcckkehr nach Reims\" \/><span class=\"caption\"><\/span><\/div><div data-thumb=\"https:\/\/mathis-nitschke.com\/wp18\/wp-content\/uploads\/2019\/01\/17174_rueckkehr_nach_reims_4407m-180x180.jpg\" class=\"gallery-item\"><img loading=\"lazy\" decoding=\"async\" width=\"1140\" height=\"760\" src=\"https:\/\/mathis-nitschke.com\/wp18\/wp-content\/uploads\/2019\/01\/17174_rueckkehr_nach_reims_4407m-1140x760.jpg\" class=\"attachment-daze_wrapper_width size-daze_wrapper_width\" alt=\"\" srcset=\"https:\/\/mathis-nitschke.com\/wp18\/wp-content\/uploads\/2019\/01\/17174_rueckkehr_nach_reims_4407m-1140x760.jpg 1140w, https:\/\/mathis-nitschke.com\/wp18\/wp-content\/uploads\/2019\/01\/17174_rueckkehr_nach_reims_4407m-360x240.jpg 360w, https:\/\/mathis-nitschke.com\/wp18\/wp-content\/uploads\/2019\/01\/17174_rueckkehr_nach_reims_4407m-680x453.jpg 680w, https:\/\/mathis-nitschke.com\/wp18\/wp-content\/uploads\/2019\/01\/17174_rueckkehr_nach_reims_4407m-1024x682.jpg 1024w\" sizes=\"auto, (max-width: 1140px) 100vw, 1140px\" title=\"R\u00fcckkehr nach Reims\" \/><span class=\"caption\"><\/span><\/div><div data-thumb=\"https:\/\/mathis-nitschke.com\/wp18\/wp-content\/uploads\/2019\/01\/17172_rueckkehr_nach_reims_4840m_honorarfrei-180x180.jpg\" class=\"gallery-item\"><img loading=\"lazy\" decoding=\"async\" width=\"1140\" height=\"761\" src=\"https:\/\/mathis-nitschke.com\/wp18\/wp-content\/uploads\/2019\/01\/17172_rueckkehr_nach_reims_4840m_honorarfrei-1140x761.jpg\" class=\"attachment-daze_wrapper_width size-daze_wrapper_width\" alt=\"\" srcset=\"https:\/\/mathis-nitschke.com\/wp18\/wp-content\/uploads\/2019\/01\/17172_rueckkehr_nach_reims_4840m_honorarfrei-1140x761.jpg 1140w, https:\/\/mathis-nitschke.com\/wp18\/wp-content\/uploads\/2019\/01\/17172_rueckkehr_nach_reims_4840m_honorarfrei-360x240.jpg 360w, https:\/\/mathis-nitschke.com\/wp18\/wp-content\/uploads\/2019\/01\/17172_rueckkehr_nach_reims_4840m_honorarfrei-680x454.jpg 680w, https:\/\/mathis-nitschke.com\/wp18\/wp-content\/uploads\/2019\/01\/17172_rueckkehr_nach_reims_4840m_honorarfrei-1024x683.jpg 1024w\" sizes=\"auto, (max-width: 1140px) 100vw, 1140px\" title=\"R\u00fcckkehr nach Reims\" \/><span class=\"caption\"><\/span><\/div><div data-thumb=\"https:\/\/mathis-nitschke.com\/wp18\/wp-content\/uploads\/2019\/01\/17170_rueckkehr_nach_reims_6895m_honorarfrei-180x180.jpg\" class=\"gallery-item\"><img loading=\"lazy\" decoding=\"async\" width=\"1140\" height=\"1708\" src=\"https:\/\/mathis-nitschke.com\/wp18\/wp-content\/uploads\/2019\/01\/17170_rueckkehr_nach_reims_6895m_honorarfrei-1140x1708.jpg\" class=\"attachment-daze_wrapper_width size-daze_wrapper_width\" alt=\"\" srcset=\"https:\/\/mathis-nitschke.com\/wp18\/wp-content\/uploads\/2019\/01\/17170_rueckkehr_nach_reims_6895m_honorarfrei-1140x1708.jpg 1140w, https:\/\/mathis-nitschke.com\/wp18\/wp-content\/uploads\/2019\/01\/17170_rueckkehr_nach_reims_6895m_honorarfrei-200x300.jpg 200w, https:\/\/mathis-nitschke.com\/wp18\/wp-content\/uploads\/2019\/01\/17170_rueckkehr_nach_reims_6895m_honorarfrei-680x1019.jpg 680w, https:\/\/mathis-nitschke.com\/wp18\/wp-content\/uploads\/2019\/01\/17170_rueckkehr_nach_reims_6895m_honorarfrei-683x1024.jpg 683w\" sizes=\"auto, (max-width: 1140px) 100vw, 1140px\" title=\"R\u00fcckkehr nach Reims\" \/><span class=\"caption\"><\/span><\/div><div data-thumb=\"https:\/\/mathis-nitschke.com\/wp18\/wp-content\/uploads\/2019\/01\/17168_rueckkehr_nach_reims_4083m_honorarfrei-180x180.jpg\" class=\"gallery-item\"><img loading=\"lazy\" decoding=\"async\" width=\"1140\" height=\"760\" src=\"https:\/\/mathis-nitschke.com\/wp18\/wp-content\/uploads\/2019\/01\/17168_rueckkehr_nach_reims_4083m_honorarfrei-1140x760.jpg\" class=\"attachment-daze_wrapper_width size-daze_wrapper_width\" alt=\"\" srcset=\"https:\/\/mathis-nitschke.com\/wp18\/wp-content\/uploads\/2019\/01\/17168_rueckkehr_nach_reims_4083m_honorarfrei-1140x760.jpg 1140w, https:\/\/mathis-nitschke.com\/wp18\/wp-content\/uploads\/2019\/01\/17168_rueckkehr_nach_reims_4083m_honorarfrei-360x240.jpg 360w, https:\/\/mathis-nitschke.com\/wp18\/wp-content\/uploads\/2019\/01\/17168_rueckkehr_nach_reims_4083m_honorarfrei-680x453.jpg 680w, https:\/\/mathis-nitschke.com\/wp18\/wp-content\/uploads\/2019\/01\/17168_rueckkehr_nach_reims_4083m_honorarfrei-1024x682.jpg 1024w\" sizes=\"auto, (max-width: 1140px) 100vw, 1140px\" title=\"R\u00fcckkehr nach Reims\" \/><span class=\"caption\"><\/span><\/div><div data-thumb=\"https:\/\/mathis-nitschke.com\/wp18\/wp-content\/uploads\/2019\/01\/17186_rueckkehr_nach_reims_5173m-180x180.jpg\" class=\"gallery-item\"><img loading=\"lazy\" decoding=\"async\" width=\"1140\" height=\"761\" src=\"https:\/\/mathis-nitschke.com\/wp18\/wp-content\/uploads\/2019\/01\/17186_rueckkehr_nach_reims_5173m-1140x761.jpg\" class=\"attachment-daze_wrapper_width size-daze_wrapper_width\" alt=\"\" srcset=\"https:\/\/mathis-nitschke.com\/wp18\/wp-content\/uploads\/2019\/01\/17186_rueckkehr_nach_reims_5173m-1140x761.jpg 1140w, https:\/\/mathis-nitschke.com\/wp18\/wp-content\/uploads\/2019\/01\/17186_rueckkehr_nach_reims_5173m-360x240.jpg 360w, https:\/\/mathis-nitschke.com\/wp18\/wp-content\/uploads\/2019\/01\/17186_rueckkehr_nach_reims_5173m-680x454.jpg 680w, https:\/\/mathis-nitschke.com\/wp18\/wp-content\/uploads\/2019\/01\/17186_rueckkehr_nach_reims_5173m-1024x683.jpg 1024w\" sizes=\"auto, (max-width: 1140px) 100vw, 1140px\" title=\"R\u00fcckkehr nach Reims\" \/><span class=\"caption\"><\/span><\/div><\/div>\n<p>Fotos: Thomas Aurin<\/p>\n<p>&#8220;What you&#8217;ve been torn away from, or what you&#8217;ve tried to be torn away from, remains a component of who you are.&#8221; Didier Eribon&#8217;s &#8220;Return to Reims&#8221; begins with an end: the death of the father leads the son \/ author \/ academic back to his old homeland, where he hadn&#8217;t been for thirty years. He visits his mother, looks at old pictures with her and works up the family history; a history of occupation, war, destruction, labour movement and alienation &#8211; a history of France under the sign of the Front National.<br \/>\nEribon&#8217;s &#8220;Return to Reims&#8221; blurs the genre boundaries, sometimes it is a sociological study, sometimes an emotional-biographical narrative of a boy growing up in a homophobic environment, sometimes a rapprochement, sometimes a strict distancing and sometimes it is pure poetry.<\/p>\n","protected":false},"excerpt":{"rendered":"<p>Didier Eribon&#8217;s book of the same name was published in German in 2016 and quickly became a bestseller. The resulting debate about the socially &#8220;dependent&#8221;, who are overflowing to the right-wing camp, continues to be lively. In the theatre version by director Thomas Jonigk we bring Eribon&#8217;s hybrid narrative between sociological study, emotional-biographical narrative of a boy growing up in a homophobic environment and pure poetry to the stage of Schauspiels K\u00f6ln.<\/p>\n","protected":false},"author":1,"featured_media":7443,"comment_status":"open","ping_status":"open","sticky":false,"template":"","format":"video","meta":{"inline_featured_image":false,"footnotes":""},"categories":[41,124],"tags":[132],"class_list":["post-7059","post","type-post","status-publish","format-video","has-post-thumbnail","hentry","category-music-for-the-stage","category-extra","tag-schauspiel-en","post_format-post-format-video","clearfix",""],"yoast_head":"<!-- This site is optimized with the Yoast SEO plugin v27.5 - https:\/\/yoast.com\/product\/yoast-seo-wordpress\/ -->\n<title>Return to Reims - Mathis Nitschke<\/title>\n<meta name=\"description\" content=\"In the theatre version by director Thomas Jonigk we bring Eribon&#039;s hybrid narrative between sociological study, emotional-biographical narrative of a boy growing up in a homophobic environment and pure poetry to the stage of Schauspiels K\u00f6ln.\" \/>\n<meta name=\"robots\" content=\"index, follow, max-snippet:-1, max-image-preview:large, max-video-preview:-1\" \/>\n<link rel=\"canonical\" href=\"https:\/\/mathis-nitschke.com\/en\/return-to-reims\/\" \/>\n<meta property=\"og:locale\" content=\"en_US\" \/>\n<meta property=\"og:type\" content=\"article\" \/>\n<meta property=\"og:title\" content=\"Return to Reims - Mathis Nitschke\" \/>\n<meta property=\"og:description\" content=\"In the theatre version by director Thomas Jonigk we bring Eribon&#039;s hybrid narrative between sociological study, emotional-biographical narrative of a boy growing up in a homophobic environment and pure poetry to the stage of Schauspiels K\u00f6ln.\" \/>\n<meta property=\"og:url\" content=\"https:\/\/mathis-nitschke.com\/en\/return-to-reims\/\" \/>\n<meta property=\"og:site_name\" content=\"Mathis Nitschke\" \/>\n<meta property=\"article:publisher\" content=\"https:\/\/www.facebook.com\/mathisnitschkemusic\/\" \/>\n<meta property=\"article:author\" content=\"https:\/\/www.facebook.com\/mathisnitschkemusic\/\" \/>\n<meta property=\"article:published_time\" content=\"2019-01-12T21:47:30+00:00\" \/>\n<meta property=\"article:modified_time\" content=\"2019-06-02T22:14:54+00:00\" \/>\n<meta property=\"og:image\" content=\"https:\/\/mathis-nitschke.com\/wp18\/wp-content\/uploads\/2019\/01\/r_n_reims1_4153m.jpeg\" \/>\n\t<meta property=\"og:image:width\" content=\"640\" \/>\n\t<meta property=\"og:image:height\" content=\"427\" \/>\n\t<meta property=\"og:image:type\" content=\"image\/jpeg\" \/>\n<meta name=\"author\" content=\"Mathis Nitschke\" \/>\n<meta name=\"twitter:card\" content=\"summary_large_image\" \/>\n<meta name=\"twitter:creator\" content=\"@MathisNitschke\" \/>\n<meta name=\"twitter:site\" content=\"@MathisNitschke\" \/>\n<meta name=\"twitter:label1\" content=\"Written by\" \/>\n\t<meta name=\"twitter:data1\" content=\"Mathis Nitschke\" \/>\n\t<meta name=\"twitter:label2\" content=\"Est. reading time\" \/>\n\t<meta name=\"twitter:data2\" content=\"1 minute\" \/>\n<script type=\"application\/ld+json\" class=\"yoast-schema-graph\">{\"@context\":\"https:\\\/\\\/schema.org\",\"@graph\":[{\"@type\":\"Article\",\"@id\":\"https:\\\/\\\/mathis-nitschke.com\\\/en\\\/return-to-reims\\\/#article\",\"isPartOf\":{\"@id\":\"https:\\\/\\\/mathis-nitschke.com\\\/en\\\/return-to-reims\\\/\"},\"author\":{\"name\":\"Mathis Nitschke\",\"@id\":\"https:\\\/\\\/mathis-nitschke.com\\\/en\\\/#\\\/schema\\\/person\\\/3980ea1103f0353bd467e6e46d0a3706\"},\"headline\":\"Return to Reims\",\"datePublished\":\"2019-01-12T21:47:30+00:00\",\"dateModified\":\"2019-06-02T22:14:54+00:00\",\"mainEntityOfPage\":{\"@id\":\"https:\\\/\\\/mathis-nitschke.com\\\/en\\\/return-to-reims\\\/\"},\"wordCount\":218,\"commentCount\":0,\"publisher\":{\"@id\":\"https:\\\/\\\/mathis-nitschke.com\\\/en\\\/#\\\/schema\\\/person\\\/3980ea1103f0353bd467e6e46d0a3706\"},\"image\":{\"@id\":\"https:\\\/\\\/mathis-nitschke.com\\\/en\\\/return-to-reims\\\/#primaryimage\"},\"thumbnailUrl\":\"https:\\\/\\\/mathis-nitschke.com\\\/wp18\\\/wp-content\\\/uploads\\\/2019\\\/01\\\/r_n_reims1_4153m.jpeg\",\"keywords\":[\"Schauspiel\"],\"articleSection\":[\"Music for the stage\",\"xt\"],\"inLanguage\":\"en-US\",\"potentialAction\":[{\"@type\":\"CommentAction\",\"name\":\"Comment\",\"target\":[\"https:\\\/\\\/mathis-nitschke.com\\\/en\\\/return-to-reims\\\/#respond\"]}]},{\"@type\":\"WebPage\",\"@id\":\"https:\\\/\\\/mathis-nitschke.com\\\/en\\\/return-to-reims\\\/\",\"url\":\"https:\\\/\\\/mathis-nitschke.com\\\/en\\\/return-to-reims\\\/\",\"name\":\"Return to Reims - Mathis Nitschke\",\"isPartOf\":{\"@id\":\"https:\\\/\\\/mathis-nitschke.com\\\/en\\\/#website\"},\"primaryImageOfPage\":{\"@id\":\"https:\\\/\\\/mathis-nitschke.com\\\/en\\\/return-to-reims\\\/#primaryimage\"},\"image\":{\"@id\":\"https:\\\/\\\/mathis-nitschke.com\\\/en\\\/return-to-reims\\\/#primaryimage\"},\"thumbnailUrl\":\"https:\\\/\\\/mathis-nitschke.com\\\/wp18\\\/wp-content\\\/uploads\\\/2019\\\/01\\\/r_n_reims1_4153m.jpeg\",\"datePublished\":\"2019-01-12T21:47:30+00:00\",\"dateModified\":\"2019-06-02T22:14:54+00:00\",\"description\":\"In the theatre version by director Thomas Jonigk we bring Eribon's hybrid narrative between sociological study, emotional-biographical narrative of a boy growing up in a homophobic environment and pure poetry to the stage of Schauspiels K\u00f6ln.\",\"breadcrumb\":{\"@id\":\"https:\\\/\\\/mathis-nitschke.com\\\/en\\\/return-to-reims\\\/#breadcrumb\"},\"inLanguage\":\"en-US\",\"potentialAction\":[{\"@type\":\"ReadAction\",\"target\":[\"https:\\\/\\\/mathis-nitschke.com\\\/en\\\/return-to-reims\\\/\"]}]},{\"@type\":\"ImageObject\",\"inLanguage\":\"en-US\",\"@id\":\"https:\\\/\\\/mathis-nitschke.com\\\/en\\\/return-to-reims\\\/#primaryimage\",\"url\":\"https:\\\/\\\/mathis-nitschke.com\\\/wp18\\\/wp-content\\\/uploads\\\/2019\\\/01\\\/r_n_reims1_4153m.jpeg\",\"contentUrl\":\"https:\\\/\\\/mathis-nitschke.com\\\/wp18\\\/wp-content\\\/uploads\\\/2019\\\/01\\\/r_n_reims1_4153m.jpeg\",\"width\":640,\"height\":427,\"caption\":\"Schauspiel K\u00f6ln, \\\"R\u00fcckkehr nach Reims\\\" nach dem gleichnamigen Roman von Didier Eribon, aus dem Franz\u00f6sischen von Tobias Haberkorn, B\u00fchnenfassung: Thomas Jonigk, Premiere: 18. Januar 2019, Regie: Thomas Jonigk, B\u00fchne: Lisa D\u00e4\u00dfler, Kost\u00fcme: Esther Geremus, Musik: Mathis Nitschke, Choreografie: Teresa Rotemberg, Licht: Jan Steinfatt, Dramaturgie: Sarah Lorenz, mit: Campbell Caspary, Antonia Bockelmann, Laura Friedmann, Nicolas Lehni, Justus Maier, Sabine Orl\u00e9ans, J\u00f6rg Ratjen, Nicki von Tempelhof, Copyright (C) Thomas Aurin Gleditschstr. 45, D-10781 Berlin Tel.:+49 (0)30 2175 6205 Mobil.:+49 (0)170 2933679 Ver\u00f6ffentlichung nur gegen Honorar zzgl. 7% MWSt. und Belegexemplar Steuer Nr.: 11\\\/18\\\/213\\\/52812, UID Nr.: DE 170 902 977 Commerzbank, BLZ: 810 80 000, Konto-Nr.: 316 030 000 SWIFT-BIC: DRES DE FF 810, IBAN: DE07 81080000 0316030000\"},{\"@type\":\"BreadcrumbList\",\"@id\":\"https:\\\/\\\/mathis-nitschke.com\\\/en\\\/return-to-reims\\\/#breadcrumb\",\"itemListElement\":[{\"@type\":\"ListItem\",\"position\":1,\"name\":\"Startseite\",\"item\":\"https:\\\/\\\/mathis-nitschke.com\\\/en\\\/\"},{\"@type\":\"ListItem\",\"position\":2,\"name\":\"Return to Reims\"}]},{\"@type\":\"WebSite\",\"@id\":\"https:\\\/\\\/mathis-nitschke.com\\\/en\\\/#website\",\"url\":\"https:\\\/\\\/mathis-nitschke.com\\\/en\\\/\",\"name\":\"Mathis Nitschke\",\"description\":\"sound designer, composer, director\",\"publisher\":{\"@id\":\"https:\\\/\\\/mathis-nitschke.com\\\/en\\\/#\\\/schema\\\/person\\\/3980ea1103f0353bd467e6e46d0a3706\"},\"potentialAction\":[{\"@type\":\"SearchAction\",\"target\":{\"@type\":\"EntryPoint\",\"urlTemplate\":\"https:\\\/\\\/mathis-nitschke.com\\\/en\\\/?s={search_term_string}\"},\"query-input\":{\"@type\":\"PropertyValueSpecification\",\"valueRequired\":true,\"valueName\":\"search_term_string\"}}],\"inLanguage\":\"en-US\"},{\"@type\":[\"Person\",\"Organization\"],\"@id\":\"https:\\\/\\\/mathis-nitschke.com\\\/en\\\/#\\\/schema\\\/person\\\/3980ea1103f0353bd467e6e46d0a3706\",\"name\":\"Mathis Nitschke\",\"image\":{\"@type\":\"ImageObject\",\"inLanguage\":\"en-US\",\"@id\":\"https:\\\/\\\/mathis-nitschke.com\\\/wp18\\\/wp-content\\\/uploads\\\/2020\\\/01\\\/MathisNitschke_FotoAstridAckermann_2048.jpg\",\"url\":\"https:\\\/\\\/mathis-nitschke.com\\\/wp18\\\/wp-content\\\/uploads\\\/2020\\\/01\\\/MathisNitschke_FotoAstridAckermann_2048.jpg\",\"contentUrl\":\"https:\\\/\\\/mathis-nitschke.com\\\/wp18\\\/wp-content\\\/uploads\\\/2020\\\/01\\\/MathisNitschke_FotoAstridAckermann_2048.jpg\",\"width\":2048,\"height\":1152,\"caption\":\"Mathis Nitschke\"},\"logo\":{\"@id\":\"https:\\\/\\\/mathis-nitschke.com\\\/wp18\\\/wp-content\\\/uploads\\\/2020\\\/01\\\/MathisNitschke_FotoAstridAckermann_2048.jpg\"},\"description\":\"Mathis Nitschke ist Konzeptk\u00fcnstler, Musikkomponist, Audioproduzent, B\u00fchnenregisseur und Erlebnisgestalter, spezialisiert auf Sound in Verbindung mit Theater, Medien und neuen Technologien.\",\"sameAs\":[\"https:\\\/\\\/mathis-nitschke.com\",\"https:\\\/\\\/www.facebook.com\\\/mathisnitschkemusic\\\/\",\"https:\\\/\\\/www.instagram.com\\\/mathisnitschke\\\/\",\"https:\\\/\\\/www.linkedin.com\\\/in\\\/mathis-nitschke-390b48b\\\/\",\"https:\\\/\\\/x.com\\\/MathisNitschke\",\"https:\\\/\\\/www.youtube.com\\\/user\\\/MathisBNitschke\",\"https:\\\/\\\/de.wikipedia.org\\\/wiki\\\/Mathis_Nitschke\"]}]}<\/script>\n<!-- \/ Yoast SEO plugin. -->","yoast_head_json":{"title":"Return to Reims - Mathis Nitschke","description":"In the theatre version by director Thomas Jonigk we bring Eribon's hybrid narrative between sociological study, emotional-biographical narrative of a boy growing up in a homophobic environment and pure poetry to the stage of Schauspiels K\u00f6ln.","robots":{"index":"index","follow":"follow","max-snippet":"max-snippet:-1","max-image-preview":"max-image-preview:large","max-video-preview":"max-video-preview:-1"},"canonical":"https:\/\/mathis-nitschke.com\/en\/return-to-reims\/","og_locale":"en_US","og_type":"article","og_title":"Return to Reims - Mathis Nitschke","og_description":"In the theatre version by director Thomas Jonigk we bring Eribon's hybrid narrative between sociological study, emotional-biographical narrative of a boy growing up in a homophobic environment and pure poetry to the stage of Schauspiels K\u00f6ln.","og_url":"https:\/\/mathis-nitschke.com\/en\/return-to-reims\/","og_site_name":"Mathis Nitschke","article_publisher":"https:\/\/www.facebook.com\/mathisnitschkemusic\/","article_author":"https:\/\/www.facebook.com\/mathisnitschkemusic\/","article_published_time":"2019-01-12T21:47:30+00:00","article_modified_time":"2019-06-02T22:14:54+00:00","og_image":[{"width":640,"height":427,"url":"https:\/\/mathis-nitschke.com\/wp18\/wp-content\/uploads\/2019\/01\/r_n_reims1_4153m.jpeg","type":"image\/jpeg"}],"author":"Mathis Nitschke","twitter_card":"summary_large_image","twitter_creator":"@MathisNitschke","twitter_site":"@MathisNitschke","twitter_misc":{"Written by":"Mathis Nitschke","Est. reading time":"1 minute"},"schema":{"@context":"https:\/\/schema.org","@graph":[{"@type":"Article","@id":"https:\/\/mathis-nitschke.com\/en\/return-to-reims\/#article","isPartOf":{"@id":"https:\/\/mathis-nitschke.com\/en\/return-to-reims\/"},"author":{"name":"Mathis Nitschke","@id":"https:\/\/mathis-nitschke.com\/en\/#\/schema\/person\/3980ea1103f0353bd467e6e46d0a3706"},"headline":"Return to Reims","datePublished":"2019-01-12T21:47:30+00:00","dateModified":"2019-06-02T22:14:54+00:00","mainEntityOfPage":{"@id":"https:\/\/mathis-nitschke.com\/en\/return-to-reims\/"},"wordCount":218,"commentCount":0,"publisher":{"@id":"https:\/\/mathis-nitschke.com\/en\/#\/schema\/person\/3980ea1103f0353bd467e6e46d0a3706"},"image":{"@id":"https:\/\/mathis-nitschke.com\/en\/return-to-reims\/#primaryimage"},"thumbnailUrl":"https:\/\/mathis-nitschke.com\/wp18\/wp-content\/uploads\/2019\/01\/r_n_reims1_4153m.jpeg","keywords":["Schauspiel"],"articleSection":["Music for the stage","xt"],"inLanguage":"en-US","potentialAction":[{"@type":"CommentAction","name":"Comment","target":["https:\/\/mathis-nitschke.com\/en\/return-to-reims\/#respond"]}]},{"@type":"WebPage","@id":"https:\/\/mathis-nitschke.com\/en\/return-to-reims\/","url":"https:\/\/mathis-nitschke.com\/en\/return-to-reims\/","name":"Return to Reims - Mathis Nitschke","isPartOf":{"@id":"https:\/\/mathis-nitschke.com\/en\/#website"},"primaryImageOfPage":{"@id":"https:\/\/mathis-nitschke.com\/en\/return-to-reims\/#primaryimage"},"image":{"@id":"https:\/\/mathis-nitschke.com\/en\/return-to-reims\/#primaryimage"},"thumbnailUrl":"https:\/\/mathis-nitschke.com\/wp18\/wp-content\/uploads\/2019\/01\/r_n_reims1_4153m.jpeg","datePublished":"2019-01-12T21:47:30+00:00","dateModified":"2019-06-02T22:14:54+00:00","description":"In the theatre version by director Thomas Jonigk we bring Eribon's hybrid narrative between sociological study, emotional-biographical narrative of a boy growing up in a homophobic environment and pure poetry to the stage of Schauspiels K\u00f6ln.","breadcrumb":{"@id":"https:\/\/mathis-nitschke.com\/en\/return-to-reims\/#breadcrumb"},"inLanguage":"en-US","potentialAction":[{"@type":"ReadAction","target":["https:\/\/mathis-nitschke.com\/en\/return-to-reims\/"]}]},{"@type":"ImageObject","inLanguage":"en-US","@id":"https:\/\/mathis-nitschke.com\/en\/return-to-reims\/#primaryimage","url":"https:\/\/mathis-nitschke.com\/wp18\/wp-content\/uploads\/2019\/01\/r_n_reims1_4153m.jpeg","contentUrl":"https:\/\/mathis-nitschke.com\/wp18\/wp-content\/uploads\/2019\/01\/r_n_reims1_4153m.jpeg","width":640,"height":427,"caption":"Schauspiel K\u00f6ln, \"R\u00fcckkehr nach Reims\" nach dem gleichnamigen Roman von Didier Eribon, aus dem Franz\u00f6sischen von Tobias Haberkorn, B\u00fchnenfassung: Thomas Jonigk, Premiere: 18. Januar 2019, Regie: Thomas Jonigk, B\u00fchne: Lisa D\u00e4\u00dfler, Kost\u00fcme: Esther Geremus, Musik: Mathis Nitschke, Choreografie: Teresa Rotemberg, Licht: Jan Steinfatt, Dramaturgie: Sarah Lorenz, mit: Campbell Caspary, Antonia Bockelmann, Laura Friedmann, Nicolas Lehni, Justus Maier, Sabine Orl\u00e9ans, J\u00f6rg Ratjen, Nicki von Tempelhof, Copyright (C) Thomas Aurin Gleditschstr. 45, D-10781 Berlin Tel.:+49 (0)30 2175 6205 Mobil.:+49 (0)170 2933679 Ver\u00f6ffentlichung nur gegen Honorar zzgl. 7% MWSt. und Belegexemplar Steuer Nr.: 11\/18\/213\/52812, UID Nr.: DE 170 902 977 Commerzbank, BLZ: 810 80 000, Konto-Nr.: 316 030 000 SWIFT-BIC: DRES DE FF 810, IBAN: DE07 81080000 0316030000"},{"@type":"BreadcrumbList","@id":"https:\/\/mathis-nitschke.com\/en\/return-to-reims\/#breadcrumb","itemListElement":[{"@type":"ListItem","position":1,"name":"Startseite","item":"https:\/\/mathis-nitschke.com\/en\/"},{"@type":"ListItem","position":2,"name":"Return to Reims"}]},{"@type":"WebSite","@id":"https:\/\/mathis-nitschke.com\/en\/#website","url":"https:\/\/mathis-nitschke.com\/en\/","name":"Mathis Nitschke","description":"sound designer, composer, director","publisher":{"@id":"https:\/\/mathis-nitschke.com\/en\/#\/schema\/person\/3980ea1103f0353bd467e6e46d0a3706"},"potentialAction":[{"@type":"SearchAction","target":{"@type":"EntryPoint","urlTemplate":"https:\/\/mathis-nitschke.com\/en\/?s={search_term_string}"},"query-input":{"@type":"PropertyValueSpecification","valueRequired":true,"valueName":"search_term_string"}}],"inLanguage":"en-US"},{"@type":["Person","Organization"],"@id":"https:\/\/mathis-nitschke.com\/en\/#\/schema\/person\/3980ea1103f0353bd467e6e46d0a3706","name":"Mathis Nitschke","image":{"@type":"ImageObject","inLanguage":"en-US","@id":"https:\/\/mathis-nitschke.com\/wp18\/wp-content\/uploads\/2020\/01\/MathisNitschke_FotoAstridAckermann_2048.jpg","url":"https:\/\/mathis-nitschke.com\/wp18\/wp-content\/uploads\/2020\/01\/MathisNitschke_FotoAstridAckermann_2048.jpg","contentUrl":"https:\/\/mathis-nitschke.com\/wp18\/wp-content\/uploads\/2020\/01\/MathisNitschke_FotoAstridAckermann_2048.jpg","width":2048,"height":1152,"caption":"Mathis Nitschke"},"logo":{"@id":"https:\/\/mathis-nitschke.com\/wp18\/wp-content\/uploads\/2020\/01\/MathisNitschke_FotoAstridAckermann_2048.jpg"},"description":"Mathis Nitschke ist Konzeptk\u00fcnstler, Musikkomponist, Audioproduzent, B\u00fchnenregisseur und Erlebnisgestalter, spezialisiert auf Sound in Verbindung mit Theater, Medien und neuen Technologien.","sameAs":["https:\/\/mathis-nitschke.com","https:\/\/www.facebook.com\/mathisnitschkemusic\/","https:\/\/www.instagram.com\/mathisnitschke\/","https:\/\/www.linkedin.com\/in\/mathis-nitschke-390b48b\/","https:\/\/x.com\/MathisNitschke","https:\/\/www.youtube.com\/user\/MathisBNitschke","https:\/\/de.wikipedia.org\/wiki\/Mathis_Nitschke"]}]}},"_links":{"self":[{"href":"https:\/\/mathis-nitschke.com\/en\/wp-json\/wp\/v2\/posts\/7059","targetHints":{"allow":["GET"]}}],"collection":[{"href":"https:\/\/mathis-nitschke.com\/en\/wp-json\/wp\/v2\/posts"}],"about":[{"href":"https:\/\/mathis-nitschke.com\/en\/wp-json\/wp\/v2\/types\/post"}],"author":[{"embeddable":true,"href":"https:\/\/mathis-nitschke.com\/en\/wp-json\/wp\/v2\/users\/1"}],"replies":[{"embeddable":true,"href":"https:\/\/mathis-nitschke.com\/en\/wp-json\/wp\/v2\/comments?post=7059"}],"version-history":[{"count":0,"href":"https:\/\/mathis-nitschke.com\/en\/wp-json\/wp\/v2\/posts\/7059\/revisions"}],"wp:featuredmedia":[{"embeddable":true,"href":"https:\/\/mathis-nitschke.com\/en\/wp-json\/wp\/v2\/media\/7443"}],"wp:attachment":[{"href":"https:\/\/mathis-nitschke.com\/en\/wp-json\/wp\/v2\/media?parent=7059"}],"wp:term":[{"taxonomy":"category","embeddable":true,"href":"https:\/\/mathis-nitschke.com\/en\/wp-json\/wp\/v2\/categories?post=7059"},{"taxonomy":"post_tag","embeddable":true,"href":"https:\/\/mathis-nitschke.com\/en\/wp-json\/wp\/v2\/tags?post=7059"}],"curies":[{"name":"wp","href":"https:\/\/api.w.org\/{rel}","templated":true}]}}